{"id":519,"date":"2017-06-20T11:49:35","date_gmt":"2017-06-20T09:49:35","guid":{"rendered":"http:\/\/materlivres.org\/?p=519"},"modified":"2018-06-02T19:03:17","modified_gmt":"2018-06-02T17:03:17","slug":"les-gentils-dragons","status":"publish","type":"post","link":"https:\/\/materlivres.org\/?p=519","title":{"rendered":"Pr\u00e9sentation"},"content":{"rendered":"<h3>Pr\u00e9sentation<\/h3>\n<p>En parall\u00e8le du festival &#8220;cidre et dragon&#8221; les classes de grande section du Calvados proposent leur vision du &#8220;gentil dragon&#8221;. C&#8217;est une activit\u00e9 de partage m\u00ealant l&#8217;art et les \u00e9changes langagiers. Bien s\u00fbr la dimension du vivre ensemble sera pr\u00e9sente avec la bienveillance ( on ne parle que de ce que l&#8217;on a aim\u00e9 ) et le partage des \u00e9motions.<\/p>\n<h3>D\u00e9roulement<a href=\"https:\/\/materlivres.org\/wp-content\/uploads\/2017\/06\/Affiche.jpg\"><img loading=\"lazy\" decoding=\"async\" class=\"wp-image-547 size-medium alignright\" src=\"https:\/\/materlivres.org\/wp-content\/uploads\/2017\/06\/Affiche-215x300.jpg\" alt=\"\" width=\"215\" height=\"300\" srcset=\"https:\/\/materlivres.org\/wp-content\/uploads\/2017\/06\/Affiche-215x300.jpg 215w, https:\/\/materlivres.org\/wp-content\/uploads\/2017\/06\/Affiche-600x838.jpg 600w, https:\/\/materlivres.org\/wp-content\/uploads\/2017\/06\/Affiche.jpg 682w\" sizes=\"(max-width: 215px) 100vw, 215px\" \/><\/a><\/h3>\n<p>Dans un premier temps les classes revisitent le dragon r\u00e9alis\u00e9 par un illustrateur. Ils en font une \u0153uvre collective publi\u00e9e dans une galerie, \u00e0 c\u00f4t\u00e9 des r\u00e9alisations des autres classes. Le choix des outils et de la d\u00e9marche est enti\u00e8rement libre. La seule obligation r\u00e9side au respect du th\u00e8me. (Le dragon ne doit pas \u00eatre terrifiant, mais amical) Ils choisissent un titre \u00e9vocateur.<\/p>\n<p>Dans un second temps les classes produisent des commentaires sur les productions des autres classes en abordant les diff\u00e9rents points :<\/p>\n<p>~ Le titre<br \/>\n~ Le choix et la d\u00e9marche artistique<\/p>\n<h3><\/h3>\n<p>~ Les \u00e9motions ressenties<br \/>\n~ Un aspect de la production qu&#8217;ils ont particuli\u00e8rement appr\u00e9ci\u00e9<\/p>\n<p><a href=\"https:\/\/materlivres.org\/?p=525\">Acc\u00e8s \u00e0 la galerie du rep\u00e8re des dragons<\/a><\/p>\n<h3>Calendrier<\/h3>\n<p><strong>16 \/ 17 septembre<\/strong> : le festival &#8220;cidre et dragon&#8221;<a href=\"https:\/\/materlivres.org\/wp-content\/uploads\/2017\/06\/AFFICHE2.jpg\"><img loading=\"lazy\" decoding=\"async\" class=\"alignright wp-image-746 size-medium\" src=\"https:\/\/materlivres.org\/wp-content\/uploads\/2017\/06\/AFFICHE2-211x300.jpg\" alt=\"\" width=\"211\" height=\"300\" srcset=\"https:\/\/materlivres.org\/wp-content\/uploads\/2017\/06\/AFFICHE2-211x300.jpg 211w, https:\/\/materlivres.org\/wp-content\/uploads\/2017\/06\/AFFICHE2.jpg 403w\" sizes=\"(max-width: 211px) 100vw, 211px\" \/><\/a><\/p>\n<p><strong>18 au 22 septembre<\/strong> : L&#8217; Activit\u00e9 d&#8217;\u00e9criture collaborative pour les cycles 3 avec l&#8217;association partenaire &#8220;Scolaplumes&#8221;<\/p>\n<p><strong>25 sep au 7 oc<\/strong>t : R\u00e9alisation de l\u2019\u0153uvre dans les classes &amp; publication et choix du titre<\/p>\n<p><strong>9 au\u00a0 13 oct<\/strong> : observation et r\u00e9alisation d&#8217;un premier commentaire<\/p>\n<p><strong>16 au 20 oct<\/strong> : d\u00e9couverte des commentaires produits par les autres classes et publication d&#8217;un deuxi\u00e8me commentaire&#8230;<\/p>\n<p><strong>\u00e0 partir du 20 oct<\/strong> : Parents, autres classes de l&#8217;\u00e9cole, autres visiteurs sont invit\u00e9s \u00e0 laisser eux aussi des commentaires.<\/p>\n<p>&nbsp;<\/p>\n<p>&nbsp;<\/p>\n","protected":false},"excerpt":{"rendered":"<p>Pr\u00e9sentation En parall\u00e8le du festival &#8220;cidre et dragon&#8221; les classes de grande section du Calvados proposent leur vision du &#8220;gentil dragon&#8221;. C&#8217;est une activit\u00e9 de partage m\u00ealant l&#8217;art et les \u00e9changes langagiers. Bien s\u00fbr la dimension du vivre ensemble sera pr\u00e9sente avec la bienveillance ( on ne parle que de ce que l&#8217;on a aim\u00e9 &hellip; <\/p>\n<p class=\"link-more\"><a href=\"https:\/\/materlivres.org\/?p=519\" class=\"more-link\">Continuer la lecture<span class=\"screen-reader-text\"> de &laquo;&nbsp;Pr\u00e9sentation&nbsp;&raquo;<\/span><\/a><\/p>\n","protected":false},"author":2,"featured_media":0,"comment_status":"open","ping_status":"open","sticky":false,"template":"","format":"standard","meta":{"footnotes":""},"categories":[1,3],"tags":[],"_links":{"self":[{"href":"https:\/\/materlivres.org\/index.php?rest_route=\/wp\/v2\/posts\/519"}],"collection":[{"href":"https:\/\/materlivres.org\/index.php?rest_route=\/wp\/v2\/posts"}],"about":[{"href":"https:\/\/materlivres.org\/index.php?rest_route=\/wp\/v2\/types\/post"}],"author":[{"embeddable":true,"href":"https:\/\/materlivres.org\/index.php?rest_route=\/wp\/v2\/users\/2"}],"replies":[{"embeddable":true,"href":"https:\/\/materlivres.org\/index.php?rest_route=%2Fwp%2Fv2%2Fcomments&post=519"}],"version-history":[{"count":14,"href":"https:\/\/materlivres.org\/index.php?rest_route=\/wp\/v2\/posts\/519\/revisions"}],"predecessor-version":[{"id":1377,"href":"https:\/\/materlivres.org\/index.php?rest_route=\/wp\/v2\/posts\/519\/revisions\/1377"}],"wp:attachment":[{"href":"https:\/\/materlivres.org\/index.php?rest_route=%2Fwp%2Fv2%2Fmedia&parent=519"}],"wp:term":[{"taxonomy":"category","embeddable":true,"href":"https:\/\/materlivres.org\/index.php?rest_route=%2Fwp%2Fv2%2Fcategories&post=519"},{"taxonomy":"post_tag","embeddable":true,"href":"https:\/\/materlivres.org\/index.php?rest_route=%2Fwp%2Fv2%2Ftags&post=519"}],"curies":[{"name":"wp","href":"https:\/\/api.w.org\/{rel}","templated":true}]}}